{"id":1480,"date":"2018-07-12T09:58:11","date_gmt":"2018-07-12T09:58:11","guid":{"rendered":"https:\/\/www.aceitenovecientos.com\/?p=1480"},"modified":"2018-07-12T11:34:20","modified_gmt":"2018-07-12T11:34:20","slug":"especial-aove-procedente-olivares-montana","status":"publish","type":"post","link":"https:\/\/www.aceitenovecientos.com\/en\/especial-aove-procedente-olivares-montana\/","title":{"rendered":"\u00bfPor qu\u00e9 es especial el AOVE procedente de nuestros olivares de monta\u00f1a?"},"content":{"rendered":"<p style=\"text-align: left;\">El olivar de monta\u00f1a, adem\u00e1s del legado paisaj\u00edstico que ofrece sobre nuestras tierras, es muy interesante desde el punto de vista ecol\u00f3gico, social y gastron\u00f3mico.<\/p>\n<p style=\"text-align: left;\">La gran mayor\u00eda son ecol\u00f3gicos y muchos centenarios, se trata de un olivo\u00a0sin abuso de herbicidas y que frecuentemente se rodea de un cortejo flor\u00edstico. Numerosos animales silvestres coexisten en armon\u00eda gracias a \u00e9l. Por otro lado, la mano de obra requerida para el cultivo, mantenimiento y recolecci\u00f3n de estos olivares supera al del resto. Con lo cual genera numerosos puestos de empleo.<\/p>\n<h2 style=\"text-align: left;\">Olivares olvidados<\/h2>\n<p style=\"text-align: left;\">Desgraciadamente, dada la escasa rentabilidad y los elevados costes que suponen su gesti\u00f3n, est\u00e1 siendo abandonado por los diferentes agentes (Administraci\u00f3n p\u00fablica, agricultores, asociaciones\u2026). El empe\u00f1o por minimizar costes y aumentar la producci\u00f3n de aceituna por unidad de superficie, est\u00e1 suponiendo sustituir este tipo de cultivo por otros superintensivos y mecanizados, donde los tratamientos son mucho m\u00e1s agresivos.<\/p>\n<p style=\"text-align: left;\">Sin embargo, el problema de la escasa rentabilidad econ\u00f3mica del olivar de monta\u00f1a tiene m\u00e1s que ver con la deficiente comercializaci\u00f3n de un producto \u00fanico, que con las dificultades inherentes al terreno.<\/p>\n<p style=\"text-align: left;\">Los costes ecol\u00f3gicos y sociales de perder estos olivares son preocupantes. La \u00fanica soluci\u00f3n es aumentar el valor a\u00f1adido de sus aceites y potenciar las ayudas p\u00fablicas.<\/p>\n<figure id=\"attachment_1483\" aria-describedby=\"caption-attachment-1483\" style=\"width: 471px\" class=\"wp-caption alignleft\"><img loading=\"lazy\" decoding=\"async\" class=\"wp-image-1483\" src=\"https:\/\/www.aceitenovecientos.com\/wp-content\/uploads\/2018\/07\/Aceite-oliva-virge-extra-900.jpg\" alt=\"Aceite de Oliva Virgen Extra. Organic 900\" width=\"471\" height=\"314\" \/><figcaption id=\"caption-attachment-1483\" class=\"wp-caption-text\">Aceite de Oliva Virgen Extra. Organic 900<\/figcaption><\/figure>\n<h3>Sello de calidad \u00fanica<\/h3>\n<p>Con todo, la calidad de ese aceite obtenido en alta monta\u00f1a es \u00fanico. El clima seco y las duras condiciones clim\u00e1ticas a la que se expone, con veranos calurosos y fr\u00edos inviernos , hace que desarrolle mejores caracter\u00edsticas organol\u00e9pticas y un mayor n\u00famero de polifenoles y antioxidantes. Adem\u00e1s, la aceituna, y por tanto el aceite, se hace m\u00e1s despacio y tiene m\u00e1s esencia.<\/p>\n<p>Esto, sumado al compromiso cultural, social y medioambiental de estos olivares, compromete a aportarles valor y protegerlos para que no desparezcan.<\/p>\n<h3>Nuestro compromiso<\/h3>\n<p>Novecientos tiene como sello de distinci\u00f3n los 900 metros de altura de <a href=\"\/en\/?page_id=116\">nuestros olivares de monta\u00f1a<\/a>. Es por ello, por lo que nuestro compromiso con otorgar valor a\u00f1adido a estos aceites es especial. Una de las soluciones es, la conversi\u00f3n a cultivo ecol\u00f3gico certificado para poder poner de manifiesto la calidad del producto. Aqu\u00ed entra en juego nuestro <a href=\"\/en\/?p=188\">Organic 900<\/a>, procedente de olivares ecol\u00f3gicos de alta monta\u00f1a exentos de qu\u00edmicos y pesticidas. Se trata de un AOVE de alta calidad, obtenido del esfuerzo de personas ligadas a la tradici\u00f3n de estas tierras.<\/p>\n<p>&nbsp;<\/p>\n<p>&nbsp;<\/p>\n<figure id=\"attachment_1484\" aria-describedby=\"caption-attachment-1484\" style=\"width: 809px\" class=\"wp-caption aligncenter\"><img loading=\"lazy\" decoding=\"async\" class=\"wp-image-1484\" src=\"https:\/\/www.aceitenovecientos.com\/wp-content\/uploads\/2018\/07\/Olivar-de-montan\u0303a-900.jpg\" alt=\"Olivar de montan\u0303a 900 metros\" width=\"809\" height=\"607\" srcset=\"https:\/\/www.aceitenovecientos.com\/wp-content\/uploads\/2018\/07\/Olivar-de-montan\u0303a-900.jpg 1532w, https:\/\/www.aceitenovecientos.com\/wp-content\/uploads\/2018\/07\/Olivar-de-montan\u0303a-900-416x312.jpg 416w, https:\/\/www.aceitenovecientos.com\/wp-content\/uploads\/2018\/07\/Olivar-de-montan\u0303a-900-300x225.jpg 300w, https:\/\/www.aceitenovecientos.com\/wp-content\/uploads\/2018\/07\/Olivar-de-montan\u0303a-900-768x576.jpg 768w, https:\/\/www.aceitenovecientos.com\/wp-content\/uploads\/2018\/07\/Olivar-de-montan\u0303a-900-1024x768.jpg 1024w, https:\/\/www.aceitenovecientos.com\/wp-content\/uploads\/2018\/07\/Olivar-de-montan\u0303a-900-195x146.jpg 195w, https:\/\/www.aceitenovecientos.com\/wp-content\/uploads\/2018\/07\/Olivar-de-montan\u0303a-900-50x38.jpg 50w, https:\/\/www.aceitenovecientos.com\/wp-content\/uploads\/2018\/07\/Olivar-de-montan\u0303a-900-100x75.jpg 100w\" sizes=\"auto, (max-width: 809px) 100vw, 809px\" \/><figcaption id=\"caption-attachment-1484\" class=\"wp-caption-text\">Olivar de montan\u0303a 900 metros<\/figcaption><\/figure>\n<ul>\n<li>El olivar tradicional de monta\u00f1a busca una marca de calidad &#8211; (www.revistaalmaceite.com)<\/li>\n<li>OLIVAR DE MONTA\u00d1A Su ecolog\u00eda y su potencial agroecol\u00f3gico &#8211; (<a href=\"http:\/\/vidasana.org\">http:\/\/vidasana.org<\/a>)<\/li>\n<li>El olivar de monta\u00f1a ha perdido desde 1980 m\u00e1s suelo f\u00e9rtil que en dos siglos &#8211; (peri\u00f3dico El Pa\u00eds)<\/li>\n<li>Los Olivares olvidados &#8211; (<a href=\"http:\/\/www.ricardogamaza.com\/\">http:\/\/www.ricardogamaza.com\/<\/a>)<\/li>\n<\/ul>","protected":false},"excerpt":{"rendered":"<p>El olivar de monta\u00f1a, adem\u00e1s del legado paisaj\u00edstico que ofrece sobre nuestras tierras, es muy interesante desde el punto de vista ecol\u00f3gico, social y gastron\u00f3mico. La gran mayor\u00eda son ecol\u00f3gicos y muchos centenarios, se trata de un olivo\u00a0sin abuso de herbicidas y que frecuentemente se rodea de un cortejo flor\u00edstico. Numerosos animales silvestres coexisten en [&hellip;]<\/p>","protected":false},"author":1,"featured_media":1482,"comment_status":"open","ping_status":"open","sticky":false,"template":"","format":"standard","meta":{"footnotes":""},"categories":[1],"tags":[],"class_list":["post-1480","post","type-post","status-publish","format-standard","has-post-thumbnail","hentry","category-blog-aceite-900"],"yoast_head":"<!-- This site is optimized with the Yoast SEO plugin v24.1 - https:\/\/yoast.com\/wordpress\/plugins\/seo\/ -->\n<title>El olivar de monta\u00f1a y la calidad \u00fanica de su Aceite de Oliva Virgen Extra<\/title>\n<meta name=\"description\" content=\"El olivar de monta\u00f1a est\u00e1 en riesgo de desaparici\u00f3n. No obstante, el AOVE producido all\u00ed, dispone mayor calidad y mejores caracter\u00edsticas que el resto...\" \/>\n<meta name=\"robots\" content=\"index, follow, max-snippet:-1, max-image-preview:large, max-video-preview:-1\" \/>\n<link rel=\"canonical\" href=\"https:\/\/www.aceitenovecientos.com\/en\/especial-aove-procedente-olivares-montana\/\" \/>\n<meta property=\"og:locale\" content=\"en_GB\" \/>\n<meta property=\"og:type\" content=\"article\" \/>\n<meta property=\"og:title\" content=\"El olivar de monta\u00f1a y la calidad \u00fanica de su Aceite de Oliva Virgen Extra\" \/>\n<meta property=\"og:description\" content=\"El olivar de monta\u00f1a est\u00e1 en riesgo de desaparici\u00f3n. No obstante, el AOVE producido all\u00ed, dispone mayor calidad y mejores caracter\u00edsticas que el resto...\" \/>\n<meta property=\"og:url\" content=\"https:\/\/www.aceitenovecientos.com\/en\/especial-aove-procedente-olivares-montana\/\" \/>\n<meta property=\"og:site_name\" content=\"Aceite Novecientos\" \/>\n<meta property=\"article:publisher\" content=\"https:\/\/www.facebook.com\/aceitenovecientos\/\" \/>\n<meta property=\"article:published_time\" content=\"2018-07-12T09:58:11+00:00\" \/>\n<meta property=\"article:modified_time\" content=\"2018-07-12T11:34:20+00:00\" \/>\n<meta property=\"og:image\" content=\"https:\/\/www.aceitenovecientos.com\/wp-content\/uploads\/2018\/07\/Olivar-de-montan\u0303a.jpg\" \/>\n\t<meta property=\"og:image:width\" content=\"1546\" \/>\n\t<meta property=\"og:image:height\" content=\"1032\" \/>\n\t<meta property=\"og:image:type\" content=\"image\/jpeg\" \/>\n<meta name=\"author\" content=\"online\" \/>\n<meta name=\"twitter:card\" content=\"summary_large_image\" \/>\n<meta name=\"twitter:label1\" content=\"Written by\" \/>\n\t<meta name=\"twitter:data1\" content=\"online\" \/>\n\t<meta name=\"twitter:label2\" content=\"Estimated reading time\" \/>\n\t<meta name=\"twitter:data2\" content=\"3 minutes\" \/>\n<script type=\"application\/ld+json\" class=\"yoast-schema-graph\">{\"@context\":\"https:\/\/schema.org\",\"@graph\":[{\"@type\":\"Article\",\"@id\":\"https:\/\/www.aceitenovecientos.com\/especial-aove-procedente-olivares-montana\/#article\",\"isPartOf\":{\"@id\":\"https:\/\/www.aceitenovecientos.com\/especial-aove-procedente-olivares-montana\/\"},\"author\":{\"name\":\"online\",\"@id\":\"https:\/\/www.aceitenovecientos.com\/#\/schema\/person\/3065b69c9adeeb4bb7b1050ae5d3ba95\"},\"headline\":\"\u00bfPor qu\u00e9 es especial el AOVE procedente de nuestros olivares de monta\u00f1a?\",\"datePublished\":\"2018-07-12T09:58:11+00:00\",\"dateModified\":\"2018-07-12T11:34:20+00:00\",\"mainEntityOfPage\":{\"@id\":\"https:\/\/www.aceitenovecientos.com\/especial-aove-procedente-olivares-montana\/\"},\"wordCount\":531,\"commentCount\":0,\"publisher\":{\"@id\":\"https:\/\/www.aceitenovecientos.com\/#organization\"},\"image\":{\"@id\":\"https:\/\/www.aceitenovecientos.com\/especial-aove-procedente-olivares-montana\/#primaryimage\"},\"thumbnailUrl\":\"https:\/\/www.aceitenovecientos.com\/wp-content\/uploads\/2018\/07\/Olivar-de-montan\u0303a.jpg\",\"articleSection\":[\"Blog Aceite 900\"],\"inLanguage\":\"en-GB\",\"potentialAction\":[{\"@type\":\"CommentAction\",\"name\":\"Comment\",\"target\":[\"https:\/\/www.aceitenovecientos.com\/especial-aove-procedente-olivares-montana\/#respond\"]}]},{\"@type\":\"WebPage\",\"@id\":\"https:\/\/www.aceitenovecientos.com\/especial-aove-procedente-olivares-montana\/\",\"url\":\"https:\/\/www.aceitenovecientos.com\/especial-aove-procedente-olivares-montana\/\",\"name\":\"El olivar de monta\u00f1a y la calidad \u00fanica de su Aceite de Oliva Virgen Extra\",\"isPartOf\":{\"@id\":\"https:\/\/www.aceitenovecientos.com\/#website\"},\"primaryImageOfPage\":{\"@id\":\"https:\/\/www.aceitenovecientos.com\/especial-aove-procedente-olivares-montana\/#primaryimage\"},\"image\":{\"@id\":\"https:\/\/www.aceitenovecientos.com\/especial-aove-procedente-olivares-montana\/#primaryimage\"},\"thumbnailUrl\":\"https:\/\/www.aceitenovecientos.com\/wp-content\/uploads\/2018\/07\/Olivar-de-montan\u0303a.jpg\",\"datePublished\":\"2018-07-12T09:58:11+00:00\",\"dateModified\":\"2018-07-12T11:34:20+00:00\",\"description\":\"El olivar de monta\u00f1a est\u00e1 en riesgo de desaparici\u00f3n. No obstante, el AOVE producido all\u00ed, dispone mayor calidad y mejores caracter\u00edsticas que el resto...\",\"breadcrumb\":{\"@id\":\"https:\/\/www.aceitenovecientos.com\/especial-aove-procedente-olivares-montana\/#breadcrumb\"},\"inLanguage\":\"en-GB\",\"potentialAction\":[{\"@type\":\"ReadAction\",\"target\":[\"https:\/\/www.aceitenovecientos.com\/especial-aove-procedente-olivares-montana\/\"]}]},{\"@type\":\"ImageObject\",\"inLanguage\":\"en-GB\",\"@id\":\"https:\/\/www.aceitenovecientos.com\/especial-aove-procedente-olivares-montana\/#primaryimage\",\"url\":\"https:\/\/www.aceitenovecientos.com\/wp-content\/uploads\/2018\/07\/Olivar-de-montan\u0303a.jpg\",\"contentUrl\":\"https:\/\/www.aceitenovecientos.com\/wp-content\/uploads\/2018\/07\/Olivar-de-montan\u0303a.jpg\",\"width\":1546,\"height\":1032,\"caption\":\"Olivar de monta\u00f1a. Sierra sur de Ja\u00e9n\"},{\"@type\":\"BreadcrumbList\",\"@id\":\"https:\/\/www.aceitenovecientos.com\/especial-aove-procedente-olivares-montana\/#breadcrumb\",\"itemListElement\":[{\"@type\":\"ListItem\",\"position\":1,\"name\":\"Portada\",\"item\":\"https:\/\/www.aceitenovecientos.com\/\"},{\"@type\":\"ListItem\",\"position\":2,\"name\":\"\u00bfPor qu\u00e9 es especial el AOVE procedente de nuestros olivares de monta\u00f1a?\"}]},{\"@type\":\"WebSite\",\"@id\":\"https:\/\/www.aceitenovecientos.com\/#website\",\"url\":\"https:\/\/www.aceitenovecientos.com\/\",\"name\":\"Aceite Novecientos\",\"description\":\"Aceite de Oliva de Ja\u00e9n\",\"publisher\":{\"@id\":\"https:\/\/www.aceitenovecientos.com\/#organization\"},\"potentialAction\":[{\"@type\":\"SearchAction\",\"target\":{\"@type\":\"EntryPoint\",\"urlTemplate\":\"https:\/\/www.aceitenovecientos.com\/?s={search_term_string}\"},\"query-input\":{\"@type\":\"PropertyValueSpecification\",\"valueRequired\":true,\"valueName\":\"search_term_string\"}}],\"inLanguage\":\"en-GB\"},{\"@type\":\"Organization\",\"@id\":\"https:\/\/www.aceitenovecientos.com\/#organization\",\"name\":\"Aceite Novecientos\",\"url\":\"https:\/\/www.aceitenovecientos.com\/\",\"logo\":{\"@type\":\"ImageObject\",\"inLanguage\":\"en-GB\",\"@id\":\"https:\/\/www.aceitenovecientos.com\/#\/schema\/logo\/image\/\",\"url\":\"https:\/\/www.aceitenovecientos.com\/wp-content\/uploads\/2021\/12\/logo900-head.webp\",\"contentUrl\":\"https:\/\/www.aceitenovecientos.com\/wp-content\/uploads\/2021\/12\/logo900-head.webp\",\"width\":470,\"height\":110,\"caption\":\"Aceite Novecientos\"},\"image\":{\"@id\":\"https:\/\/www.aceitenovecientos.com\/#\/schema\/logo\/image\/\"},\"sameAs\":[\"https:\/\/www.facebook.com\/aceitenovecientos\/\"]},{\"@type\":\"Person\",\"@id\":\"https:\/\/www.aceitenovecientos.com\/#\/schema\/person\/3065b69c9adeeb4bb7b1050ae5d3ba95\",\"name\":\"online\",\"url\":\"https:\/\/www.aceitenovecientos.com\/en\/author\/online\/\"}]}<\/script>\n<!-- \/ Yoast SEO plugin. -->","yoast_head_json":{"title":"El olivar de monta\u00f1a y la calidad \u00fanica de su Aceite de Oliva Virgen Extra","description":"El olivar de monta\u00f1a est\u00e1 en riesgo de desaparici\u00f3n. No obstante, el AOVE producido all\u00ed, dispone mayor calidad y mejores caracter\u00edsticas que el resto...","robots":{"index":"index","follow":"follow","max-snippet":"max-snippet:-1","max-image-preview":"max-image-preview:large","max-video-preview":"max-video-preview:-1"},"canonical":"https:\/\/www.aceitenovecientos.com\/en\/especial-aove-procedente-olivares-montana\/","og_locale":"en_GB","og_type":"article","og_title":"El olivar de monta\u00f1a y la calidad \u00fanica de su Aceite de Oliva Virgen Extra","og_description":"El olivar de monta\u00f1a est\u00e1 en riesgo de desaparici\u00f3n. No obstante, el AOVE producido all\u00ed, dispone mayor calidad y mejores caracter\u00edsticas que el resto...","og_url":"https:\/\/www.aceitenovecientos.com\/en\/especial-aove-procedente-olivares-montana\/","og_site_name":"Aceite Novecientos","article_publisher":"https:\/\/www.facebook.com\/aceitenovecientos\/","article_published_time":"2018-07-12T09:58:11+00:00","article_modified_time":"2018-07-12T11:34:20+00:00","og_image":[{"width":1546,"height":1032,"url":"https:\/\/www.aceitenovecientos.com\/wp-content\/uploads\/2018\/07\/Olivar-de-montan\u0303a.jpg","type":"image\/jpeg"}],"author":"online","twitter_card":"summary_large_image","twitter_misc":{"Written by":"online","Estimated reading time":"3 minutes"},"schema":{"@context":"https:\/\/schema.org","@graph":[{"@type":"Article","@id":"https:\/\/www.aceitenovecientos.com\/especial-aove-procedente-olivares-montana\/#article","isPartOf":{"@id":"https:\/\/www.aceitenovecientos.com\/especial-aove-procedente-olivares-montana\/"},"author":{"name":"online","@id":"https:\/\/www.aceitenovecientos.com\/#\/schema\/person\/3065b69c9adeeb4bb7b1050ae5d3ba95"},"headline":"\u00bfPor qu\u00e9 es especial el AOVE procedente de nuestros olivares de monta\u00f1a?","datePublished":"2018-07-12T09:58:11+00:00","dateModified":"2018-07-12T11:34:20+00:00","mainEntityOfPage":{"@id":"https:\/\/www.aceitenovecientos.com\/especial-aove-procedente-olivares-montana\/"},"wordCount":531,"commentCount":0,"publisher":{"@id":"https:\/\/www.aceitenovecientos.com\/#organization"},"image":{"@id":"https:\/\/www.aceitenovecientos.com\/especial-aove-procedente-olivares-montana\/#primaryimage"},"thumbnailUrl":"https:\/\/www.aceitenovecientos.com\/wp-content\/uploads\/2018\/07\/Olivar-de-montan\u0303a.jpg","articleSection":["Blog Aceite 900"],"inLanguage":"en-GB","potentialAction":[{"@type":"CommentAction","name":"Comment","target":["https:\/\/www.aceitenovecientos.com\/especial-aove-procedente-olivares-montana\/#respond"]}]},{"@type":"WebPage","@id":"https:\/\/www.aceitenovecientos.com\/especial-aove-procedente-olivares-montana\/","url":"https:\/\/www.aceitenovecientos.com\/especial-aove-procedente-olivares-montana\/","name":"El olivar de monta\u00f1a y la calidad \u00fanica de su Aceite de Oliva Virgen Extra","isPartOf":{"@id":"https:\/\/www.aceitenovecientos.com\/#website"},"primaryImageOfPage":{"@id":"https:\/\/www.aceitenovecientos.com\/especial-aove-procedente-olivares-montana\/#primaryimage"},"image":{"@id":"https:\/\/www.aceitenovecientos.com\/especial-aove-procedente-olivares-montana\/#primaryimage"},"thumbnailUrl":"https:\/\/www.aceitenovecientos.com\/wp-content\/uploads\/2018\/07\/Olivar-de-montan\u0303a.jpg","datePublished":"2018-07-12T09:58:11+00:00","dateModified":"2018-07-12T11:34:20+00:00","description":"El olivar de monta\u00f1a est\u00e1 en riesgo de desaparici\u00f3n. No obstante, el AOVE producido all\u00ed, dispone mayor calidad y mejores caracter\u00edsticas que el resto...","breadcrumb":{"@id":"https:\/\/www.aceitenovecientos.com\/especial-aove-procedente-olivares-montana\/#breadcrumb"},"inLanguage":"en-GB","potentialAction":[{"@type":"ReadAction","target":["https:\/\/www.aceitenovecientos.com\/especial-aove-procedente-olivares-montana\/"]}]},{"@type":"ImageObject","inLanguage":"en-GB","@id":"https:\/\/www.aceitenovecientos.com\/especial-aove-procedente-olivares-montana\/#primaryimage","url":"https:\/\/www.aceitenovecientos.com\/wp-content\/uploads\/2018\/07\/Olivar-de-montan\u0303a.jpg","contentUrl":"https:\/\/www.aceitenovecientos.com\/wp-content\/uploads\/2018\/07\/Olivar-de-montan\u0303a.jpg","width":1546,"height":1032,"caption":"Olivar de monta\u00f1a. Sierra sur de Ja\u00e9n"},{"@type":"BreadcrumbList","@id":"https:\/\/www.aceitenovecientos.com\/especial-aove-procedente-olivares-montana\/#breadcrumb","itemListElement":[{"@type":"ListItem","position":1,"name":"Portada","item":"https:\/\/www.aceitenovecientos.com\/"},{"@type":"ListItem","position":2,"name":"\u00bfPor qu\u00e9 es especial el AOVE procedente de nuestros olivares de monta\u00f1a?"}]},{"@type":"WebSite","@id":"https:\/\/www.aceitenovecientos.com\/#website","url":"https:\/\/www.aceitenovecientos.com\/","name":"Aceite Novecientos","description":"Aceite de Oliva de Ja\u00e9n","publisher":{"@id":"https:\/\/www.aceitenovecientos.com\/#organization"},"potentialAction":[{"@type":"SearchAction","target":{"@type":"EntryPoint","urlTemplate":"https:\/\/www.aceitenovecientos.com\/?s={search_term_string}"},"query-input":{"@type":"PropertyValueSpecification","valueRequired":true,"valueName":"search_term_string"}}],"inLanguage":"en-GB"},{"@type":"Organization","@id":"https:\/\/www.aceitenovecientos.com\/#organization","name":"Aceite Novecientos","url":"https:\/\/www.aceitenovecientos.com\/","logo":{"@type":"ImageObject","inLanguage":"en-GB","@id":"https:\/\/www.aceitenovecientos.com\/#\/schema\/logo\/image\/","url":"https:\/\/www.aceitenovecientos.com\/wp-content\/uploads\/2021\/12\/logo900-head.webp","contentUrl":"https:\/\/www.aceitenovecientos.com\/wp-content\/uploads\/2021\/12\/logo900-head.webp","width":470,"height":110,"caption":"Aceite Novecientos"},"image":{"@id":"https:\/\/www.aceitenovecientos.com\/#\/schema\/logo\/image\/"},"sameAs":["https:\/\/www.facebook.com\/aceitenovecientos\/"]},{"@type":"Person","@id":"https:\/\/www.aceitenovecientos.com\/#\/schema\/person\/3065b69c9adeeb4bb7b1050ae5d3ba95","name":"online","url":"https:\/\/www.aceitenovecientos.com\/en\/author\/online\/"}]}},"_links":{"self":[{"href":"https:\/\/www.aceitenovecientos.com\/en\/wp-json\/wp\/v2\/posts\/1480","targetHints":{"allow":["GET"]}}],"collection":[{"href":"https:\/\/www.aceitenovecientos.com\/en\/wp-json\/wp\/v2\/posts"}],"about":[{"href":"https:\/\/www.aceitenovecientos.com\/en\/wp-json\/wp\/v2\/types\/post"}],"author":[{"embeddable":true,"href":"https:\/\/www.aceitenovecientos.com\/en\/wp-json\/wp\/v2\/users\/1"}],"replies":[{"embeddable":true,"href":"https:\/\/www.aceitenovecientos.com\/en\/wp-json\/wp\/v2\/comments?post=1480"}],"version-history":[{"count":8,"href":"https:\/\/www.aceitenovecientos.com\/en\/wp-json\/wp\/v2\/posts\/1480\/revisions"}],"predecessor-version":[{"id":1492,"href":"https:\/\/www.aceitenovecientos.com\/en\/wp-json\/wp\/v2\/posts\/1480\/revisions\/1492"}],"wp:featuredmedia":[{"embeddable":true,"href":"https:\/\/www.aceitenovecientos.com\/en\/wp-json\/wp\/v2\/media\/1482"}],"wp:attachment":[{"href":"https:\/\/www.aceitenovecientos.com\/en\/wp-json\/wp\/v2\/media?parent=1480"}],"wp:term":[{"taxonomy":"category","embeddable":true,"href":"https:\/\/www.aceitenovecientos.com\/en\/wp-json\/wp\/v2\/categories?post=1480"},{"taxonomy":"post_tag","embeddable":true,"href":"https:\/\/www.aceitenovecientos.com\/en\/wp-json\/wp\/v2\/tags?post=1480"}],"curies":[{"name":"wp","href":"https:\/\/api.w.org\/{rel}","templated":true}]}}